{"id":10341,"date":"2025-10-07T12:00:15","date_gmt":"2025-10-07T12:00:15","guid":{"rendered":"https:\/\/www.chateau-labotte.com\/?p=10341"},"modified":"2025-10-13T14:05:22","modified_gmt":"2025-10-13T14:05:22","slug":"evenements","status":"publish","type":"post","link":"https:\/\/www.chateau-labotte.com\/fr_fr\/2025\/10\/07\/evenements\/","title":{"rendered":"\u00c9v\u00e8nements"},"content":{"rendered":"\t\t<div data-elementor-type=\"wp-post\" data-elementor-id=\"10341\" class=\"elementor elementor-10341\" data-elementor-post-type=\"post\">\n\t\t\t\t<div class=\"elementor-element elementor-element-643b97e e-flex e-con-boxed e-con e-parent\" data-id=\"643b97e\" data-element_type=\"container\" data-e-type=\"container\">\n\t\t\t\t\t<div class=\"e-con-inner\">\n\t\t\t\t<div class=\"elementor-element elementor-element-b1cc35e elementor-widget elementor-widget-text-editor\" data-id=\"b1cc35e\" data-element_type=\"widget\" data-e-type=\"widget\" data-widget_type=\"text-editor.default\">\n\t\t\t\t<div class=\"elementor-widget-container\">\n\t\t\t\t\t\t\t\t\t<div class=\"elementor-element elementor-element-24e59d1 elementor-widget elementor-widget-text-editor\" data-id=\"24e59d1\" data-element_type=\"widget\" data-widget_type=\"text-editor.default\"><div class=\"elementor-widget-container\"><p><strong>18 et 19 Octobre 2025<\/strong><\/p><p>\u00a0\u00a0\u00bb Tour des chais \u00a0\u00bb : 2 journ\u00e9es pour d\u00e9couvrir, nos vins, notre domaine \u00e0 Ernage en Belgique.<\/p><\/div><\/div><div class=\"elementor-element elementor-element-fff73fc elementor-widget elementor-widget-text-editor\" data-id=\"fff73fc\" data-element_type=\"widget\" data-widget_type=\"text-editor.default\"><div class=\"elementor-widget-container\"><p><strong>15 et 16 Novembre 2025<\/strong><\/p><p>On se retrouve pour notre \u00ab\u00a0P\u2019tit March\u00e9\u00a0\u00bb gourmand au sein de notre propri\u00e9t\u00e9.<\/p><\/div><\/div><div class=\"elementor-element elementor-element-0001da4 elementor-widget elementor-widget-text-editor\" data-id=\"0001da4\" data-element_type=\"widget\" data-widget_type=\"text-editor.default\"><div class=\"elementor-widget-container\"><p><strong>5,6 et 7 D\u00e9cembre 2025<\/strong><\/p><p>Venez nous retrouver sur le march\u00e9 de No\u00ebl de Chatou dans le 78.<\/p><\/div><\/div><div class=\"elementor-element elementor-element-789ce23 elementor-widget elementor-widget-text-editor\" data-id=\"789ce23\" data-element_type=\"widget\" data-widget_type=\"text-editor.default\"><div class=\"elementor-widget-container\"><p><strong>13 et 14 D\u00e9cembre 2025\u00a0<\/strong><\/p><p>Nous serons pr\u00e9sents au March\u00e9 de No\u00ebl d\u2019Anneville sur Scie dans le 76.<\/p><\/div><\/div><div class=\"elementor-element elementor-element-010ba84 elementor-widget elementor-widget-text-editor\" data-id=\"010ba84\" data-element_type=\"widget\" data-widget_type=\"text-editor.default\"><div class=\"elementor-widget-container\"><p><strong>20 D\u00e9cembre 2025<\/strong>\u00a0<\/p><p>Venez me rencontrer au March\u00e9 des Capucins sur Bordeaux.<\/p><\/div><\/div><div class=\"elementor-element elementor-element-a693254 elementor-widget elementor-widget-text-editor\" data-id=\"a693254\" data-element_type=\"widget\" data-widget_type=\"text-editor.default\"><div class=\"elementor-widget-container\"><p><strong>6,7 et 8 F\u00e9vrier 2026<\/strong><\/p><p>Retrouvez nous au salon de Perwex en Belgique.<\/p><\/div><\/div>\t\t\t\t\t\t\t\t<\/div>\n\t\t\t\t<\/div>\n\t\t\t\t\t<\/div>\n\t\t\t\t<\/div>\n\t\t<div class=\"elementor-element elementor-element-d23e885 e-flex e-con-boxed e-con e-parent\" data-id=\"d23e885\" data-element_type=\"container\" data-e-type=\"container\">\n\t\t\t\t\t<div class=\"e-con-inner\">\n\t\t\t\t\t<\/div>\n\t\t\t\t<\/div>\n\t\t\t\t<\/div>\n\t\t","protected":false},"excerpt":{"rendered":"<p>Voici l&rsquo;extrait d&rsquo;un article d&rsquo;\u00e9v\u00e8nement.<\/p>\n","protected":false},"author":3,"featured_media":0,"comment_status":"closed","ping_status":"open","sticky":false,"template":"","format":"standard","meta":{"_jetpack_memberships_contains_paid_content":false,"footnotes":""},"categories":[1],"tags":[],"class_list":["post-10341","post","type-post","status-publish","format-standard","hentry","category-evenement"],"yoast_head":"<!-- This site is optimized with the Yoast SEO plugin v26.9 - https:\/\/yoast.com\/product\/yoast-seo-wordpress\/ -->\n<title>\u00c9v\u00e8nements - Ch\u00e2teau La Botte<\/title>\n<meta name=\"description\" content=\"18 et 19 Octobre 2025 \u00bb Tour des chais \u00bb : 2 journ\u00e9es pour d\u00e9couvrir, nos vins, notre domaine \u00e0 Ernage en Belgique. 15 et 16 Novembre 2025 On se retrouve pour notre \u00ab P\u2019tit March\u00e9 \u00bb gourmand au sein de notre propri\u00e9t\u00e9. 5,6 et 7 D\u00e9cembre 2025 Venez nous retrouver sur le march\u00e9 de No\u00ebl de Chatou dans le 78. 13 et 14 D\u00e9cembre 2025 Nous serons pr\u00e9sents au March\u00e9 de No\u00ebl d\u2019Anneville sur Scie dans le 76. 20 D\u00e9cembre 2025 Venez me rencontrer au March\u00e9 des Capucins sur Bordeaux. 6,7 et 8 F\u00e9vrier 2026 Retrouvez nous au salon de Perwex en Belgique.\" \/>\n<meta name=\"robots\" content=\"index, follow, max-snippet:-1, max-image-preview:large, max-video-preview:-1\" \/>\n<link rel=\"canonical\" href=\"https:\/\/www.chateau-labotte.com\/fr_fr\/2025\/10\/07\/evenements\/\" \/>\n<meta property=\"og:locale\" content=\"fr_FR\" \/>\n<meta property=\"og:type\" content=\"article\" \/>\n<meta property=\"og:title\" content=\"\u00c9v\u00e8nements - Ch\u00e2teau La Botte\" \/>\n<meta property=\"og:description\" content=\"18 et 19 Octobre 2025 \u00bb Tour des chais \u00bb : 2 journ\u00e9es pour d\u00e9couvrir, nos vins, notre domaine \u00e0 Ernage en Belgique. 15 et 16 Novembre 2025 On se retrouve pour notre \u00ab P\u2019tit March\u00e9 \u00bb gourmand au sein de notre propri\u00e9t\u00e9. 5,6 et 7 D\u00e9cembre 2025 Venez nous retrouver sur le march\u00e9 de No\u00ebl de Chatou dans le 78. 13 et 14 D\u00e9cembre 2025 Nous serons pr\u00e9sents au March\u00e9 de No\u00ebl d\u2019Anneville sur Scie dans le 76. 20 D\u00e9cembre 2025 Venez me rencontrer au March\u00e9 des Capucins sur Bordeaux. 6,7 et 8 F\u00e9vrier 2026 Retrouvez nous au salon de Perwex en Belgique.\" \/>\n<meta property=\"og:url\" content=\"https:\/\/www.chateau-labotte.com\/fr_fr\/2025\/10\/07\/evenements\/\" \/>\n<meta property=\"og:site_name\" content=\"Ch\u00e2teau La Botte\" \/>\n<meta property=\"article:published_time\" content=\"2025-10-07T12:00:15+00:00\" \/>\n<meta property=\"article:modified_time\" content=\"2025-10-13T14:05:22+00:00\" \/>\n<meta name=\"author\" content=\"Johanna\" \/>\n<meta name=\"twitter:card\" content=\"summary_large_image\" \/>\n<meta name=\"twitter:label1\" content=\"\u00c9crit par\" \/>\n\t<meta name=\"twitter:data1\" content=\"Johanna\" \/>\n\t<meta name=\"twitter:label2\" content=\"Dur\u00e9e de lecture estim\u00e9e\" \/>\n\t<meta name=\"twitter:data2\" content=\"1 minute\" \/>\n<script type=\"application\/ld+json\" class=\"yoast-schema-graph\">{\"@context\":\"https:\/\/schema.org\",\"@graph\":[{\"@type\":\"Article\",\"@id\":\"https:\/\/www.chateau-labotte.com\/2025\/10\/07\/evenements\/#article\",\"isPartOf\":{\"@id\":\"https:\/\/www.chateau-labotte.com\/2025\/10\/07\/evenements\/\"},\"author\":{\"name\":\"Johanna\",\"@id\":\"https:\/\/www.chateau-labotte.com\/#\/schema\/person\/e6f117fe01aecf7aca2c06a4271f8020\"},\"headline\":\"\u00c9v\u00e8nements\",\"datePublished\":\"2025-10-07T12:00:15+00:00\",\"dateModified\":\"2025-10-13T14:05:22+00:00\",\"mainEntityOfPage\":{\"@id\":\"https:\/\/www.chateau-labotte.com\/2025\/10\/07\/evenements\/\"},\"wordCount\":92,\"publisher\":{\"@id\":\"https:\/\/www.chateau-labotte.com\/#organization\"},\"articleSection\":[\"Ev\u00e8nements\"],\"inLanguage\":\"fr-FR\"},{\"@type\":\"WebPage\",\"@id\":\"https:\/\/www.chateau-labotte.com\/2025\/10\/07\/evenements\/\",\"url\":\"https:\/\/www.chateau-labotte.com\/2025\/10\/07\/evenements\/\",\"name\":\"\u00c9v\u00e8nements - Ch\u00e2teau La Botte\",\"isPartOf\":{\"@id\":\"https:\/\/www.chateau-labotte.com\/#website\"},\"datePublished\":\"2025-10-07T12:00:15+00:00\",\"dateModified\":\"2025-10-13T14:05:22+00:00\",\"description\":\"18 et 19 Octobre 2025 \u00bb Tour des chais \u00bb : 2 journ\u00e9es pour d\u00e9couvrir, nos vins, notre domaine \u00e0 Ernage en Belgique. 15 et 16 Novembre 2025 On se retrouve pour notre \u00ab P\u2019tit March\u00e9 \u00bb gourmand au sein de notre propri\u00e9t\u00e9. 5,6 et 7 D\u00e9cembre 2025 Venez nous retrouver sur le march\u00e9 de No\u00ebl de Chatou dans le 78. 13 et 14 D\u00e9cembre 2025 Nous serons pr\u00e9sents au March\u00e9 de No\u00ebl d\u2019Anneville sur Scie dans le 76. 20 D\u00e9cembre 2025 Venez me rencontrer au March\u00e9 des Capucins sur Bordeaux. 6,7 et 8 F\u00e9vrier 2026 Retrouvez nous au salon de Perwex en Belgique.\",\"breadcrumb\":{\"@id\":\"https:\/\/www.chateau-labotte.com\/2025\/10\/07\/evenements\/#breadcrumb\"},\"inLanguage\":\"fr-FR\",\"potentialAction\":[{\"@type\":\"ReadAction\",\"target\":[\"https:\/\/www.chateau-labotte.com\/2025\/10\/07\/evenements\/\"]}]},{\"@type\":\"BreadcrumbList\",\"@id\":\"https:\/\/www.chateau-labotte.com\/2025\/10\/07\/evenements\/#breadcrumb\",\"itemListElement\":[{\"@type\":\"ListItem\",\"position\":1,\"name\":\"Accueil\",\"item\":\"https:\/\/www.chateau-labotte.com\/fr_fr\/\"},{\"@type\":\"ListItem\",\"position\":2,\"name\":\"\u00c9v\u00e8nements\"}]},{\"@type\":\"WebSite\",\"@id\":\"https:\/\/www.chateau-labotte.com\/#website\",\"url\":\"https:\/\/www.chateau-labotte.com\/\",\"name\":\"Ch\u00e2teau La Botte\",\"description\":\"Ch\u00e2teau La Botte\",\"publisher\":{\"@id\":\"https:\/\/www.chateau-labotte.com\/#organization\"},\"potentialAction\":[{\"@type\":\"SearchAction\",\"target\":{\"@type\":\"EntryPoint\",\"urlTemplate\":\"https:\/\/www.chateau-labotte.com\/?s={search_term_string}\"},\"query-input\":{\"@type\":\"PropertyValueSpecification\",\"valueRequired\":true,\"valueName\":\"search_term_string\"}}],\"inLanguage\":\"fr-FR\"},{\"@type\":\"Organization\",\"@id\":\"https:\/\/www.chateau-labotte.com\/#organization\",\"name\":\"Ch\u00e2teau La Botte\",\"url\":\"https:\/\/www.chateau-labotte.com\/\",\"logo\":{\"@type\":\"ImageObject\",\"inLanguage\":\"fr-FR\",\"@id\":\"https:\/\/www.chateau-labotte.com\/#\/schema\/logo\/image\/\",\"url\":\"https:\/\/www.chateau-labotte.com\/wp-content\/uploads\/2024\/10\/cropped-logo-1-e1730121899770-1.png\",\"contentUrl\":\"https:\/\/www.chateau-labotte.com\/wp-content\/uploads\/2024\/10\/cropped-logo-1-e1730121899770-1.png\",\"width\":342,\"height\":176,\"caption\":\"Ch\u00e2teau La Botte\"},\"image\":{\"@id\":\"https:\/\/www.chateau-labotte.com\/#\/schema\/logo\/image\/\"}},{\"@type\":\"Person\",\"@id\":\"https:\/\/www.chateau-labotte.com\/#\/schema\/person\/e6f117fe01aecf7aca2c06a4271f8020\",\"name\":\"Johanna\",\"image\":{\"@type\":\"ImageObject\",\"inLanguage\":\"fr-FR\",\"@id\":\"https:\/\/www.chateau-labotte.com\/#\/schema\/person\/image\/\",\"url\":\"https:\/\/secure.gravatar.com\/avatar\/de83717d4a12b3432064ed1f211e927e6e95fc1e880ed24acdaf88792f107a07?s=96&d=mm&r=g\",\"contentUrl\":\"https:\/\/secure.gravatar.com\/avatar\/de83717d4a12b3432064ed1f211e927e6e95fc1e880ed24acdaf88792f107a07?s=96&d=mm&r=g\",\"caption\":\"Johanna\"},\"url\":\"https:\/\/www.chateau-labotte.com\/fr_fr\/author\/johanna\/\"}]}<\/script>\n<!-- \/ Yoast SEO plugin. -->","yoast_head_json":{"title":"\u00c9v\u00e8nements - Ch\u00e2teau La Botte","description":"18 et 19 Octobre 2025 \u00bb Tour des chais \u00bb : 2 journ\u00e9es pour d\u00e9couvrir, nos vins, notre domaine \u00e0 Ernage en Belgique. 15 et 16 Novembre 2025 On se retrouve pour notre \u00ab P\u2019tit March\u00e9 \u00bb gourmand au sein de notre propri\u00e9t\u00e9. 5,6 et 7 D\u00e9cembre 2025 Venez nous retrouver sur le march\u00e9 de No\u00ebl de Chatou dans le 78. 13 et 14 D\u00e9cembre 2025 Nous serons pr\u00e9sents au March\u00e9 de No\u00ebl d\u2019Anneville sur Scie dans le 76. 20 D\u00e9cembre 2025 Venez me rencontrer au March\u00e9 des Capucins sur Bordeaux. 6,7 et 8 F\u00e9vrier 2026 Retrouvez nous au salon de Perwex en Belgique.","robots":{"index":"index","follow":"follow","max-snippet":"max-snippet:-1","max-image-preview":"max-image-preview:large","max-video-preview":"max-video-preview:-1"},"canonical":"https:\/\/www.chateau-labotte.com\/fr_fr\/2025\/10\/07\/evenements\/","og_locale":"fr_FR","og_type":"article","og_title":"\u00c9v\u00e8nements - Ch\u00e2teau La Botte","og_description":"18 et 19 Octobre 2025 \u00bb Tour des chais \u00bb : 2 journ\u00e9es pour d\u00e9couvrir, nos vins, notre domaine \u00e0 Ernage en Belgique. 15 et 16 Novembre 2025 On se retrouve pour notre \u00ab P\u2019tit March\u00e9 \u00bb gourmand au sein de notre propri\u00e9t\u00e9. 5,6 et 7 D\u00e9cembre 2025 Venez nous retrouver sur le march\u00e9 de No\u00ebl de Chatou dans le 78. 13 et 14 D\u00e9cembre 2025 Nous serons pr\u00e9sents au March\u00e9 de No\u00ebl d\u2019Anneville sur Scie dans le 76. 20 D\u00e9cembre 2025 Venez me rencontrer au March\u00e9 des Capucins sur Bordeaux. 6,7 et 8 F\u00e9vrier 2026 Retrouvez nous au salon de Perwex en Belgique.","og_url":"https:\/\/www.chateau-labotte.com\/fr_fr\/2025\/10\/07\/evenements\/","og_site_name":"Ch\u00e2teau La Botte","article_published_time":"2025-10-07T12:00:15+00:00","article_modified_time":"2025-10-13T14:05:22+00:00","author":"Johanna","twitter_card":"summary_large_image","twitter_misc":{"\u00c9crit par":"Johanna","Dur\u00e9e de lecture estim\u00e9e":"1 minute"},"schema":{"@context":"https:\/\/schema.org","@graph":[{"@type":"Article","@id":"https:\/\/www.chateau-labotte.com\/2025\/10\/07\/evenements\/#article","isPartOf":{"@id":"https:\/\/www.chateau-labotte.com\/2025\/10\/07\/evenements\/"},"author":{"name":"Johanna","@id":"https:\/\/www.chateau-labotte.com\/#\/schema\/person\/e6f117fe01aecf7aca2c06a4271f8020"},"headline":"\u00c9v\u00e8nements","datePublished":"2025-10-07T12:00:15+00:00","dateModified":"2025-10-13T14:05:22+00:00","mainEntityOfPage":{"@id":"https:\/\/www.chateau-labotte.com\/2025\/10\/07\/evenements\/"},"wordCount":92,"publisher":{"@id":"https:\/\/www.chateau-labotte.com\/#organization"},"articleSection":["Ev\u00e8nements"],"inLanguage":"fr-FR"},{"@type":"WebPage","@id":"https:\/\/www.chateau-labotte.com\/2025\/10\/07\/evenements\/","url":"https:\/\/www.chateau-labotte.com\/2025\/10\/07\/evenements\/","name":"\u00c9v\u00e8nements - Ch\u00e2teau La Botte","isPartOf":{"@id":"https:\/\/www.chateau-labotte.com\/#website"},"datePublished":"2025-10-07T12:00:15+00:00","dateModified":"2025-10-13T14:05:22+00:00","description":"18 et 19 Octobre 2025 \u00bb Tour des chais \u00bb : 2 journ\u00e9es pour d\u00e9couvrir, nos vins, notre domaine \u00e0 Ernage en Belgique. 15 et 16 Novembre 2025 On se retrouve pour notre \u00ab P\u2019tit March\u00e9 \u00bb gourmand au sein de notre propri\u00e9t\u00e9. 5,6 et 7 D\u00e9cembre 2025 Venez nous retrouver sur le march\u00e9 de No\u00ebl de Chatou dans le 78. 13 et 14 D\u00e9cembre 2025 Nous serons pr\u00e9sents au March\u00e9 de No\u00ebl d\u2019Anneville sur Scie dans le 76. 20 D\u00e9cembre 2025 Venez me rencontrer au March\u00e9 des Capucins sur Bordeaux. 6,7 et 8 F\u00e9vrier 2026 Retrouvez nous au salon de Perwex en Belgique.","breadcrumb":{"@id":"https:\/\/www.chateau-labotte.com\/2025\/10\/07\/evenements\/#breadcrumb"},"inLanguage":"fr-FR","potentialAction":[{"@type":"ReadAction","target":["https:\/\/www.chateau-labotte.com\/2025\/10\/07\/evenements\/"]}]},{"@type":"BreadcrumbList","@id":"https:\/\/www.chateau-labotte.com\/2025\/10\/07\/evenements\/#breadcrumb","itemListElement":[{"@type":"ListItem","position":1,"name":"Accueil","item":"https:\/\/www.chateau-labotte.com\/fr_fr\/"},{"@type":"ListItem","position":2,"name":"\u00c9v\u00e8nements"}]},{"@type":"WebSite","@id":"https:\/\/www.chateau-labotte.com\/#website","url":"https:\/\/www.chateau-labotte.com\/","name":"Ch\u00e2teau La Botte","description":"Ch\u00e2teau La Botte","publisher":{"@id":"https:\/\/www.chateau-labotte.com\/#organization"},"potentialAction":[{"@type":"SearchAction","target":{"@type":"EntryPoint","urlTemplate":"https:\/\/www.chateau-labotte.com\/?s={search_term_string}"},"query-input":{"@type":"PropertyValueSpecification","valueRequired":true,"valueName":"search_term_string"}}],"inLanguage":"fr-FR"},{"@type":"Organization","@id":"https:\/\/www.chateau-labotte.com\/#organization","name":"Ch\u00e2teau La Botte","url":"https:\/\/www.chateau-labotte.com\/","logo":{"@type":"ImageObject","inLanguage":"fr-FR","@id":"https:\/\/www.chateau-labotte.com\/#\/schema\/logo\/image\/","url":"https:\/\/www.chateau-labotte.com\/wp-content\/uploads\/2024\/10\/cropped-logo-1-e1730121899770-1.png","contentUrl":"https:\/\/www.chateau-labotte.com\/wp-content\/uploads\/2024\/10\/cropped-logo-1-e1730121899770-1.png","width":342,"height":176,"caption":"Ch\u00e2teau La Botte"},"image":{"@id":"https:\/\/www.chateau-labotte.com\/#\/schema\/logo\/image\/"}},{"@type":"Person","@id":"https:\/\/www.chateau-labotte.com\/#\/schema\/person\/e6f117fe01aecf7aca2c06a4271f8020","name":"Johanna","image":{"@type":"ImageObject","inLanguage":"fr-FR","@id":"https:\/\/www.chateau-labotte.com\/#\/schema\/person\/image\/","url":"https:\/\/secure.gravatar.com\/avatar\/de83717d4a12b3432064ed1f211e927e6e95fc1e880ed24acdaf88792f107a07?s=96&d=mm&r=g","contentUrl":"https:\/\/secure.gravatar.com\/avatar\/de83717d4a12b3432064ed1f211e927e6e95fc1e880ed24acdaf88792f107a07?s=96&d=mm&r=g","caption":"Johanna"},"url":"https:\/\/www.chateau-labotte.com\/fr_fr\/author\/johanna\/"}]}},"jetpack_featured_media_url":"","jetpack_sharing_enabled":true,"_links":{"self":[{"href":"https:\/\/www.chateau-labotte.com\/fr_fr\/wp-json\/wp\/v2\/posts\/10341","targetHints":{"allow":["GET"]}}],"collection":[{"href":"https:\/\/www.chateau-labotte.com\/fr_fr\/wp-json\/wp\/v2\/posts"}],"about":[{"href":"https:\/\/www.chateau-labotte.com\/fr_fr\/wp-json\/wp\/v2\/types\/post"}],"author":[{"embeddable":true,"href":"https:\/\/www.chateau-labotte.com\/fr_fr\/wp-json\/wp\/v2\/users\/3"}],"replies":[{"embeddable":true,"href":"https:\/\/www.chateau-labotte.com\/fr_fr\/wp-json\/wp\/v2\/comments?post=10341"}],"version-history":[{"count":28,"href":"https:\/\/www.chateau-labotte.com\/fr_fr\/wp-json\/wp\/v2\/posts\/10341\/revisions"}],"predecessor-version":[{"id":11965,"href":"https:\/\/www.chateau-labotte.com\/fr_fr\/wp-json\/wp\/v2\/posts\/10341\/revisions\/11965"}],"wp:attachment":[{"href":"https:\/\/www.chateau-labotte.com\/fr_fr\/wp-json\/wp\/v2\/media?parent=10341"}],"wp:term":[{"taxonomy":"category","embeddable":true,"href":"https:\/\/www.chateau-labotte.com\/fr_fr\/wp-json\/wp\/v2\/categories?post=10341"},{"taxonomy":"post_tag","embeddable":true,"href":"https:\/\/www.chateau-labotte.com\/fr_fr\/wp-json\/wp\/v2\/tags?post=10341"}],"curies":[{"name":"wp","href":"https:\/\/api.w.org\/{rel}","templated":true}]}}